[{"@context":"https:\/\/schema.org\/","@type":"Blog","@id":"https:\/\/www.amnezia.sk#Blog","headline":"Amnezia","description":"\nChcete sa efekt\u00edvnym sp\u00f4sobom zvidite\u013eni\u0165? H\u013ead\u00e1te vhodn\u00e9 met\u00f3dy reklamy a propag\u00e1cie? Modern\u00e9 PR \u010dl\u00e1nky dok\u00e1\u017eu up\u00fata\u0165 pozornos\u0165 a pril\u00e1ka\u0165 vysok\u00fd po\u010det z\u00e1kazn\u00edkov. My v\u00e1m umo\u017en\u00edme publik\u00e1ciu na na\u0161om webe.","url":"https:\/\/www.amnezia.sk","hasPart":[{"@type":"Article","@id":"https:\/\/www.amnezia.sk\/miesta-ktore-sa-oplati-navstivit-v-polsku\/","headline":"Miesta, ktor\u00e9 sa oplat\u00ed nav\u0161t\u00edvi\u0165 v Po\u013esku","url":"https:\/\/www.amnezia.sk\/miesta-ktore-sa-oplati-navstivit-v-polsku\/","datePublished":"2019-07-19","dateModified":"2019-07-19","mainEntityOfPage":"https:\/\/www.amnezia.sk\/miesta-ktore-sa-oplati-navstivit-v-polsku\/","author":{"@type":"Person","@id":"https:\/\/www.amnezia.sk\/author\/#Person","name":"","url":"https:\/\/www.amnezia.sk\/author\/","identifier":1,"image":{"@type":"ImageObject","@id":"https:\/\/secure.gravatar.com\/avatar\/3064f57e4a87acc15ee08ce03d01afdc2a328e3d2da280f2bcfaabcbd486d62e?s=96&d=mm&r=g","url":"https:\/\/secure.gravatar.com\/avatar\/3064f57e4a87acc15ee08ce03d01afdc2a328e3d2da280f2bcfaabcbd486d62e?s=96&d=mm&r=g","height":96,"width":96}},"publisher":{"@type":"Organization","name":"amnezia.sk","logo":{"@type":"ImageObject","@id":"\/logo.png","url":"\/logo.png","width":600,"height":60}},"image":{"@type":"ImageObject","@id":"https:\/\/www.amnezia.sk\/wp-content\/uploads\/img_a304543_w16804_t1565794458.jpg","url":"https:\/\/www.amnezia.sk\/wp-content\/uploads\/img_a304543_w16804_t1565794458.jpg","height":0,"width":0},"wordCount":512,"keywords":null},{"@type":"Article","@id":"https:\/\/www.amnezia.sk\/dovolenka-na-slovensku\/","headline":"Dovolenka na Slovensku","url":"https:\/\/www.amnezia.sk\/dovolenka-na-slovensku\/","datePublished":"2019-07-11","dateModified":"2023-04-28","mainEntityOfPage":"https:\/\/www.amnezia.sk\/dovolenka-na-slovensku\/","author":{"@type":"Person","@id":"https:\/\/www.amnezia.sk\/author\/#Person","name":"","url":"https:\/\/www.amnezia.sk\/author\/","identifier":1,"image":{"@type":"ImageObject","@id":"https:\/\/secure.gravatar.com\/avatar\/3064f57e4a87acc15ee08ce03d01afdc2a328e3d2da280f2bcfaabcbd486d62e?s=96&d=mm&r=g","url":"https:\/\/secure.gravatar.com\/avatar\/3064f57e4a87acc15ee08ce03d01afdc2a328e3d2da280f2bcfaabcbd486d62e?s=96&d=mm&r=g","height":96,"width":96}},"publisher":{"@type":"Organization","name":"amnezia.sk","logo":{"@type":"ImageObject","@id":"\/logo.png","url":"\/logo.png","width":600,"height":60}},"image":{"@type":"ImageObject","@id":"https:\/\/www.amnezia.sk\/wp-content\/uploads\/img_a305227_w16850_t1566479253.jpg","url":"https:\/\/www.amnezia.sk\/wp-content\/uploads\/img_a305227_w16850_t1566479253.jpg","height":0,"width":0},"wordCount":551,"keywords":null},{"@type":"Article","@id":"https:\/\/www.amnezia.sk\/vnimajme-prijemne-stranky-zivota\/","headline":"Vn\u00edmajme pr\u00edjemn\u00e9 str\u00e1nky \u017eivota","url":"https:\/\/www.amnezia.sk\/vnimajme-prijemne-stranky-zivota\/","datePublished":"2019-07-09","dateModified":"2023-04-28","mainEntityOfPage":"https:\/\/www.amnezia.sk\/vnimajme-prijemne-stranky-zivota\/","author":{"@type":"Person","@id":"https:\/\/www.amnezia.sk\/author\/#Person","name":"","url":"https:\/\/www.amnezia.sk\/author\/","identifier":1,"image":{"@type":"ImageObject","@id":"https:\/\/secure.gravatar.com\/avatar\/3064f57e4a87acc15ee08ce03d01afdc2a328e3d2da280f2bcfaabcbd486d62e?s=96&d=mm&r=g","url":"https:\/\/secure.gravatar.com\/avatar\/3064f57e4a87acc15ee08ce03d01afdc2a328e3d2da280f2bcfaabcbd486d62e?s=96&d=mm&r=g","height":96,"width":96}},"publisher":{"@type":"Organization","name":"amnezia.sk","logo":{"@type":"ImageObject","@id":"\/logo.png","url":"\/logo.png","width":600,"height":60}},"image":{"@type":"ImageObject","@id":"https:\/\/www.amnezia.sk\/wp-content\/uploads\/img_a303479_w16804_t1564080342.jpg","url":"https:\/\/www.amnezia.sk\/wp-content\/uploads\/img_a303479_w16804_t1564080342.jpg","height":0,"width":0},"wordCount":507,"keywords":null},{"@type":"Article","@id":"https:\/\/www.amnezia.sk\/hroziace-nebezpecenstvo-poziaru-uz-nikdy-viac\/","headline":"Hroziace nebezpe\u010denstvo po\u017eiaru? U\u017e nikdy viac!","url":"https:\/\/www.amnezia.sk\/hroziace-nebezpecenstvo-poziaru-uz-nikdy-viac\/","datePublished":"2019-07-06","dateModified":"2023-04-28","mainEntityOfPage":"https:\/\/www.amnezia.sk\/hroziace-nebezpecenstvo-poziaru-uz-nikdy-viac\/","author":{"@type":"Person","@id":"https:\/\/www.amnezia.sk\/author\/#Person","name":"","url":"https:\/\/www.amnezia.sk\/author\/","identifier":1,"image":{"@type":"ImageObject","@id":"https:\/\/secure.gravatar.com\/avatar\/3064f57e4a87acc15ee08ce03d01afdc2a328e3d2da280f2bcfaabcbd486d62e?s=96&d=mm&r=g","url":"https:\/\/secure.gravatar.com\/avatar\/3064f57e4a87acc15ee08ce03d01afdc2a328e3d2da280f2bcfaabcbd486d62e?s=96&d=mm&r=g","height":96,"width":96}},"publisher":{"@type":"Organization","name":"amnezia.sk","logo":{"@type":"ImageObject","@id":"\/logo.png","url":"\/logo.png","width":600,"height":60}},"image":{"@type":"ImageObject","@id":"https:\/\/www.amnezia.sk\/wp-content\/uploads\/img_a306117_w16804_t1568382238.jpg","url":"https:\/\/www.amnezia.sk\/wp-content\/uploads\/img_a306117_w16804_t1568382238.jpg","height":0,"width":0},"wordCount":503,"keywords":null},{"@type":"Article","@id":"https:\/\/www.amnezia.sk\/dovolenka-na-poslednu-chvilu\/","headline":"Dovolenka na posledn\u00fa chv\u00ed\u013eu","url":"https:\/\/www.amnezia.sk\/dovolenka-na-poslednu-chvilu\/","datePublished":"2019-07-05","dateModified":"2023-04-28","mainEntityOfPage":"https:\/\/www.amnezia.sk\/dovolenka-na-poslednu-chvilu\/","author":{"@type":"Person","@id":"https:\/\/www.amnezia.sk\/author\/#Person","name":"","url":"https:\/\/www.amnezia.sk\/author\/","identifier":1,"image":{"@type":"ImageObject","@id":"https:\/\/secure.gravatar.com\/avatar\/3064f57e4a87acc15ee08ce03d01afdc2a328e3d2da280f2bcfaabcbd486d62e?s=96&d=mm&r=g","url":"https:\/\/secure.gravatar.com\/avatar\/3064f57e4a87acc15ee08ce03d01afdc2a328e3d2da280f2bcfaabcbd486d62e?s=96&d=mm&r=g","height":96,"width":96}},"publisher":{"@type":"Organization","name":"amnezia.sk","logo":{"@type":"ImageObject","@id":"\/logo.png","url":"\/logo.png","width":600,"height":60}},"image":{"@type":"ImageObject","@id":"https:\/\/www.amnezia.sk\/wp-content\/uploads\/img_a303540_w16804_t1564162261.jpg","url":"https:\/\/www.amnezia.sk\/wp-content\/uploads\/img_a303540_w16804_t1564162261.jpg","height":0,"width":0},"wordCount":489,"keywords":null},{"@type":"Article","@id":"https:\/\/www.amnezia.sk\/najlepsie-tipy-na-vikend-v-berline\/","headline":"Najlep\u0161ie tipy na v\u00edkend v Berl\u00edne","url":"https:\/\/www.amnezia.sk\/najlepsie-tipy-na-vikend-v-berline\/","datePublished":"2019-05-25","dateModified":"2023-04-28","mainEntityOfPage":"https:\/\/www.amnezia.sk\/najlepsie-tipy-na-vikend-v-berline\/","author":{"@type":"Person","@id":"https:\/\/www.amnezia.sk\/author\/#Person","name":"","url":"https:\/\/www.amnezia.sk\/author\/","identifier":1,"image":{"@type":"ImageObject","@id":"https:\/\/secure.gravatar.com\/avatar\/3064f57e4a87acc15ee08ce03d01afdc2a328e3d2da280f2bcfaabcbd486d62e?s=96&d=mm&r=g","url":"https:\/\/secure.gravatar.com\/avatar\/3064f57e4a87acc15ee08ce03d01afdc2a328e3d2da280f2bcfaabcbd486d62e?s=96&d=mm&r=g","height":96,"width":96}},"publisher":{"@type":"Organization","name":"amnezia.sk","logo":{"@type":"ImageObject","@id":"\/logo.png","url":"\/logo.png","width":600,"height":60}},"image":{"@type":"ImageObject","@id":"https:\/\/www.amnezia.sk\/wp-content\/uploads\/img_a302224_w16589_t1561039743.jpg","url":"https:\/\/www.amnezia.sk\/wp-content\/uploads\/img_a302224_w16589_t1561039743.jpg","height":0,"width":0},"wordCount":546,"keywords":null},{"@type":"Article","@id":"https:\/\/www.amnezia.sk\/americania-stracaju-doveru-ze-mozu-verit-socialnym-mediam\/","headline":"Ameri\u010dania str\u00e1caj\u00fa d\u00f4veru, \u017ee m\u00f4\u017eu veri\u0165 soci\u00e1lnym m\u00e9di\u00e1m","url":"https:\/\/www.amnezia.sk\/americania-stracaju-doveru-ze-mozu-verit-socialnym-mediam\/","datePublished":"2019-05-25","dateModified":"2023-04-28","mainEntityOfPage":"https:\/\/www.amnezia.sk\/americania-stracaju-doveru-ze-mozu-verit-socialnym-mediam\/","author":{"@type":"Person","@id":"https:\/\/www.amnezia.sk\/author\/#Person","name":"","url":"https:\/\/www.amnezia.sk\/author\/","identifier":1,"image":{"@type":"ImageObject","@id":"https:\/\/secure.gravatar.com\/avatar\/3064f57e4a87acc15ee08ce03d01afdc2a328e3d2da280f2bcfaabcbd486d62e?s=96&d=mm&r=g","url":"https:\/\/secure.gravatar.com\/avatar\/3064f57e4a87acc15ee08ce03d01afdc2a328e3d2da280f2bcfaabcbd486d62e?s=96&d=mm&r=g","height":96,"width":96}},"publisher":{"@type":"Organization","name":"amnezia.sk","logo":{"@type":"ImageObject","@id":"\/logo.png","url":"\/logo.png","width":600,"height":60}},"image":{"@type":"ImageObject","@id":"https:\/\/www.amnezia.sk\/wp-content\/uploads\/img_a301874_w16567_t1559232274.jpg","url":"https:\/\/www.amnezia.sk\/wp-content\/uploads\/img_a301874_w16567_t1559232274.jpg","height":0,"width":0},"wordCount":495,"keywords":null},{"@type":"Article","@id":"https:\/\/www.amnezia.sk\/co-nam-vravi-nase-telo\/","headline":"\u010co n\u00e1m vrav\u00ed na\u0161e telo?","url":"https:\/\/www.amnezia.sk\/co-nam-vravi-nase-telo\/","datePublished":"2019-05-21","dateModified":"2019-05-21","mainEntityOfPage":"https:\/\/www.amnezia.sk\/co-nam-vravi-nase-telo\/","author":{"@type":"Person","@id":"https:\/\/www.amnezia.sk\/author\/#Person","name":"","url":"https:\/\/www.amnezia.sk\/author\/","identifier":1,"image":{"@type":"ImageObject","@id":"https:\/\/secure.gravatar.com\/avatar\/3064f57e4a87acc15ee08ce03d01afdc2a328e3d2da280f2bcfaabcbd486d62e?s=96&d=mm&r=g","url":"https:\/\/secure.gravatar.com\/avatar\/3064f57e4a87acc15ee08ce03d01afdc2a328e3d2da280f2bcfaabcbd486d62e?s=96&d=mm&r=g","height":96,"width":96}},"publisher":{"@type":"Organization","name":"amnezia.sk","logo":{"@type":"ImageObject","@id":"\/logo.png","url":"\/logo.png","width":600,"height":60}},"image":{"@type":"ImageObject","@id":"https:\/\/www.amnezia.sk\/wp-content\/uploads\/img_a301312_w16583_t1558803538.jpg","url":"https:\/\/www.amnezia.sk\/wp-content\/uploads\/img_a301312_w16583_t1558803538.jpg","height":0,"width":0},"wordCount":535,"keywords":null},{"@type":"Article","@id":"https:\/\/www.amnezia.sk\/carovna-aloe-vera\/","headline":"\u010carovn\u00e1 Aloe vera","url":"https:\/\/www.amnezia.sk\/carovna-aloe-vera\/","datePublished":"2019-05-17","dateModified":"2023-04-28","mainEntityOfPage":"https:\/\/www.amnezia.sk\/carovna-aloe-vera\/","author":{"@type":"Person","@id":"https:\/\/www.amnezia.sk\/author\/#Person","name":"","url":"https:\/\/www.amnezia.sk\/author\/","identifier":1,"image":{"@type":"ImageObject","@id":"https:\/\/secure.gravatar.com\/avatar\/3064f57e4a87acc15ee08ce03d01afdc2a328e3d2da280f2bcfaabcbd486d62e?s=96&d=mm&r=g","url":"https:\/\/secure.gravatar.com\/avatar\/3064f57e4a87acc15ee08ce03d01afdc2a328e3d2da280f2bcfaabcbd486d62e?s=96&d=mm&r=g","height":96,"width":96}},"publisher":{"@type":"Organization","name":"amnezia.sk","logo":{"@type":"ImageObject","@id":"\/logo.png","url":"\/logo.png","width":600,"height":60}},"image":{"@type":"ImageObject","@id":"https:\/\/www.amnezia.sk\/wp-content\/uploads\/img_a301315_w16711_t1558803827.jpg","url":"https:\/\/www.amnezia.sk\/wp-content\/uploads\/img_a301315_w16711_t1558803827.jpg","height":0,"width":0},"wordCount":451,"keywords":null},{"@type":"Article","@id":"https:\/\/www.amnezia.sk\/symboly-zenstva\/","headline":"Symboly \u017eenstva","url":"https:\/\/www.amnezia.sk\/symboly-zenstva\/","datePublished":"2019-03-23","dateModified":"2023-04-28","mainEntityOfPage":"https:\/\/www.amnezia.sk\/symboly-zenstva\/","author":{"@type":"Person","@id":"https:\/\/www.amnezia.sk\/author\/#Person","name":"","url":"https:\/\/www.amnezia.sk\/author\/","identifier":1,"image":{"@type":"ImageObject","@id":"https:\/\/secure.gravatar.com\/avatar\/3064f57e4a87acc15ee08ce03d01afdc2a328e3d2da280f2bcfaabcbd486d62e?s=96&d=mm&r=g","url":"https:\/\/secure.gravatar.com\/avatar\/3064f57e4a87acc15ee08ce03d01afdc2a328e3d2da280f2bcfaabcbd486d62e?s=96&d=mm&r=g","height":96,"width":96}},"publisher":{"@type":"Organization","name":"amnezia.sk","logo":{"@type":"ImageObject","@id":"\/logo.png","url":"\/logo.png","width":600,"height":60}},"image":{"@type":"ImageObject","@id":"https:\/\/www.amnezia.sk\/wp-content\/uploads\/img_a298085_w16598_t1553098086.jpg","url":"https:\/\/www.amnezia.sk\/wp-content\/uploads\/img_a298085_w16598_t1553098086.jpg","height":0,"width":0},"wordCount":501,"keywords":null}]},{"@context":"https:\/\/schema.org","@type":"WebSite","@id":"https:\/\/www.amnezia.sk\/#website","name":"Amnezia","url":"https:\/\/www.amnezia.sk","potentialAction":{"@type":"SearchAction","target":"https:\/\/www.amnezia.sk\/?s={search_term_string}","query-input":"required name=search_term_string"}}]