{"@context":"https:\/\/schema.org\/","@type":"CollectionPage","@id":"https:\/\/www.amnezia.sk\/online\/#CollectionPage","headline":"Online Category","description":"","url":"https:\/\/www.amnezia.sk\/online\/","hasPart":[{"@type":"Article","@id":"https:\/\/www.amnezia.sk\/i-love-massage\/","headline":"I love massage","url":"https:\/\/www.amnezia.sk\/i-love-massage\/","datePublished":"2024-02-14","dateModified":"2024-03-15","mainEntityOfPage":"https:\/\/www.amnezia.sk\/i-love-massage\/","author":{"@type":"Person","@id":"https:\/\/www.amnezia.sk\/author\/#Person","name":"","url":"https:\/\/www.amnezia.sk\/author\/","identifier":1,"image":{"@type":"ImageObject","@id":"https:\/\/secure.gravatar.com\/avatar\/3064f57e4a87acc15ee08ce03d01afdc2a328e3d2da280f2bcfaabcbd486d62e?s=96&d=mm&r=g","url":"https:\/\/secure.gravatar.com\/avatar\/3064f57e4a87acc15ee08ce03d01afdc2a328e3d2da280f2bcfaabcbd486d62e?s=96&d=mm&r=g","height":96,"width":96}},"publisher":{"@type":"Organization","name":"amnezia.sk","logo":{"@type":"ImageObject","@id":"\/logo.png","url":"\/logo.png","width":600,"height":60}},"image":{"@type":"ImageObject","@id":"https:\/\/www.amnezia.sk\/wp-content\/uploads\/pexels-pixabay-289262_10_10_10_10_10_10_10_2.jpg","url":"https:\/\/www.amnezia.sk\/wp-content\/uploads\/pexels-pixabay-289262_10_10_10_10_10_10_10_2.jpg","height":0,"width":0},"keywords":null},{"@type":"Article","@id":"https:\/\/www.amnezia.sk\/akym-chceme-byt-vzorom-pre-umelu-inteligenciu\/","headline":"Ak\u00fdm  chceme by\u0165 vzorom pre umel\u00fa inteligenciu","url":"https:\/\/www.amnezia.sk\/akym-chceme-byt-vzorom-pre-umelu-inteligenciu\/","datePublished":"2019-11-12","dateModified":"2023-04-28","mainEntityOfPage":"https:\/\/www.amnezia.sk\/akym-chceme-byt-vzorom-pre-umelu-inteligenciu\/","author":{"@type":"Person","@id":"https:\/\/www.amnezia.sk\/author\/#Person","name":"","url":"https:\/\/www.amnezia.sk\/author\/","identifier":1,"image":{"@type":"ImageObject","@id":"https:\/\/secure.gravatar.com\/avatar\/3064f57e4a87acc15ee08ce03d01afdc2a328e3d2da280f2bcfaabcbd486d62e?s=96&d=mm&r=g","url":"https:\/\/secure.gravatar.com\/avatar\/3064f57e4a87acc15ee08ce03d01afdc2a328e3d2da280f2bcfaabcbd486d62e?s=96&d=mm&r=g","height":96,"width":96}},"publisher":{"@type":"Organization","name":"amnezia.sk","logo":{"@type":"ImageObject","@id":"\/logo.png","url":"\/logo.png","width":600,"height":60}},"image":{"@type":"ImageObject","@id":"https:\/\/www.amnezia.sk\/wp-content\/uploads\/img_a301441_w16500_t1558974851.jpg","url":"https:\/\/www.amnezia.sk\/wp-content\/uploads\/img_a301441_w16500_t1558974851.jpg","height":0,"width":0},"keywords":null},{"@type":"Article","@id":"https:\/\/www.amnezia.sk\/co-je-to-seo-a-preco-moja-stranka-potrebuje-kvalitnu-optimalizaciu-pre-vyhladavace\/","headline":"\u010co je to SEO a pre\u010do moja str\u00e1nka potrebuje kvalitn\u00fa optimaliz\u00e1ciu pre vyh\u013ead\u00e1va\u010de?","url":"https:\/\/www.amnezia.sk\/co-je-to-seo-a-preco-moja-stranka-potrebuje-kvalitnu-optimalizaciu-pre-vyhladavace\/","datePublished":"2019-10-15","dateModified":"2023-09-24","mainEntityOfPage":"https:\/\/www.amnezia.sk\/co-je-to-seo-a-preco-moja-stranka-potrebuje-kvalitnu-optimalizaciu-pre-vyhladavace\/","author":{"@type":"Person","@id":"https:\/\/www.amnezia.sk\/author\/#Person","name":"","url":"https:\/\/www.amnezia.sk\/author\/","identifier":1,"image":{"@type":"ImageObject","@id":"https:\/\/secure.gravatar.com\/avatar\/3064f57e4a87acc15ee08ce03d01afdc2a328e3d2da280f2bcfaabcbd486d62e?s=96&d=mm&r=g","url":"https:\/\/secure.gravatar.com\/avatar\/3064f57e4a87acc15ee08ce03d01afdc2a328e3d2da280f2bcfaabcbd486d62e?s=96&d=mm&r=g","height":96,"width":96}},"publisher":{"@type":"Organization","name":"amnezia.sk","logo":{"@type":"ImageObject","@id":"\/logo.png","url":"\/logo.png","width":600,"height":60}},"image":{"@type":"ImageObject","@id":"https:\/\/www.amnezia.sk\/wp-content\/uploads\/img_a310810_w16904_t1584093174.jpg","url":"https:\/\/www.amnezia.sk\/wp-content\/uploads\/img_a310810_w16904_t1584093174.jpg","height":0,"width":0},"keywords":null},{"@type":"Article","@id":"https:\/\/www.amnezia.sk\/ballerina-je-nove-nepriame-pokracovanie-johna-wicka\/","headline":"Ballerina je nov\u00e9 nepriame pokra\u010dovanie Johna Wicka","url":"https:\/\/www.amnezia.sk\/ballerina-je-nove-nepriame-pokracovanie-johna-wicka\/","datePublished":"2019-10-11","dateModified":"2023-04-28","mainEntityOfPage":"https:\/\/www.amnezia.sk\/ballerina-je-nove-nepriame-pokracovanie-johna-wicka\/","author":{"@type":"Person","@id":"https:\/\/www.amnezia.sk\/author\/#Person","name":"","url":"https:\/\/www.amnezia.sk\/author\/","identifier":1,"image":{"@type":"ImageObject","@id":"https:\/\/secure.gravatar.com\/avatar\/3064f57e4a87acc15ee08ce03d01afdc2a328e3d2da280f2bcfaabcbd486d62e?s=96&d=mm&r=g","url":"https:\/\/secure.gravatar.com\/avatar\/3064f57e4a87acc15ee08ce03d01afdc2a328e3d2da280f2bcfaabcbd486d62e?s=96&d=mm&r=g","height":96,"width":96}},"publisher":{"@type":"Organization","name":"amnezia.sk","logo":{"@type":"ImageObject","@id":"\/logo.png","url":"\/logo.png","width":600,"height":60}},"image":{"@type":"ImageObject","@id":"https:\/\/www.amnezia.sk\/wp-content\/uploads\/img_a307441_w16804_t1571667130.jpg","url":"https:\/\/www.amnezia.sk\/wp-content\/uploads\/img_a307441_w16804_t1571667130.jpg","height":0,"width":0},"keywords":null},{"@type":"Article","@id":"https:\/\/www.amnezia.sk\/facebook-zakazuje-ucty-propagandy-spojene-so-saudskou-arabiou\/","headline":"Facebook zakazuje \u201e\u00fa\u010dty propagandy spojen\u00e9 so Saudskou Ar\u00e1biou\u201c","url":"https:\/\/www.amnezia.sk\/facebook-zakazuje-ucty-propagandy-spojene-so-saudskou-arabiou\/","datePublished":"2019-08-02","dateModified":"2023-04-28","mainEntityOfPage":"https:\/\/www.amnezia.sk\/facebook-zakazuje-ucty-propagandy-spojene-so-saudskou-arabiou\/","author":{"@type":"Person","@id":"https:\/\/www.amnezia.sk\/author\/#Person","name":"","url":"https:\/\/www.amnezia.sk\/author\/","identifier":1,"image":{"@type":"ImageObject","@id":"https:\/\/secure.gravatar.com\/avatar\/3064f57e4a87acc15ee08ce03d01afdc2a328e3d2da280f2bcfaabcbd486d62e?s=96&d=mm&r=g","url":"https:\/\/secure.gravatar.com\/avatar\/3064f57e4a87acc15ee08ce03d01afdc2a328e3d2da280f2bcfaabcbd486d62e?s=96&d=mm&r=g","height":96,"width":96}},"publisher":{"@type":"Organization","name":"amnezia.sk","logo":{"@type":"ImageObject","@id":"\/logo.png","url":"\/logo.png","width":600,"height":60}},"image":{"@type":"ImageObject","@id":"https:\/\/www.amnezia.sk\/wp-content\/uploads\/img_a305422_w16804_t1566828806.jpg","url":"https:\/\/www.amnezia.sk\/wp-content\/uploads\/img_a305422_w16804_t1566828806.jpg","height":0,"width":0},"keywords":null}]}