[{"@context":"https:\/\/schema.org\/","@type":"Article","@id":"https:\/\/www.amnezia.sk\/dovolenka-na-poslednu-chvilu\/#Article","mainEntityOfPage":"https:\/\/www.amnezia.sk\/dovolenka-na-poslednu-chvilu\/","headline":"Dovolenka na posledn\u00fa chv\u00ed\u013eu","name":"Dovolenka na posledn\u00fa chv\u00ed\u013eu","description":"Mnoh\u00e9 cestovn\u00e9 kancel\u00e1rie \u201eav\u00edzovali\u201c , \u017ee to veru tohto roka s\u00a0dovolenkami na posledn\u00fa chv\u00ed\u013eu bude veru ve\u013emi biedne.\u00a0 Neverili sme im. Mysleli sme si, \u017ee n\u00e1s chc\u00fa iba nahovori\u0165 na r\u00fdchlu k\u00fapu v\u00a0skor\u00fdch jarn\u00fdch mesiacoch. M\u00fdlili sme sa ale. Sed\u00edm pri po\u010d\u00edta\u010di. Dovolenkov\u00fd \u010das mi z\u00fafalo klope na dvere a\u00a0nervozita v\u00a0na\u0161ej rodine rastie. Kam ideme [&hellip;]","datePublished":"2019-07-05","dateModified":"2023-04-28","author":{"@type":"Person","@id":"https:\/\/www.amnezia.sk\/author\/#Person","name":"","url":"https:\/\/www.amnezia.sk\/author\/","identifier":1,"image":{"@type":"ImageObject","@id":"https:\/\/secure.gravatar.com\/avatar\/3064f57e4a87acc15ee08ce03d01afdc2a328e3d2da280f2bcfaabcbd486d62e?s=96&d=mm&r=g","url":"https:\/\/secure.gravatar.com\/avatar\/3064f57e4a87acc15ee08ce03d01afdc2a328e3d2da280f2bcfaabcbd486d62e?s=96&d=mm&r=g","height":96,"width":96}},"publisher":{"@type":"Organization","name":"amnezia.sk","logo":{"@type":"ImageObject","@id":"\/logo.png","url":"\/logo.png","width":600,"height":60}},"image":{"@type":"ImageObject","@id":"https:\/\/www.amnezia.sk\/wp-content\/uploads\/img_a303540_w16804_t1564162261.jpg","url":"https:\/\/www.amnezia.sk\/wp-content\/uploads\/img_a303540_w16804_t1564162261.jpg","height":0,"width":0},"url":"https:\/\/www.amnezia.sk\/dovolenka-na-poslednu-chvilu\/","about":["Dovolenka"],"wordCount":386,"articleBody":"Mnoh\u00e9 cestovn\u00e9 kancel\u00e1rie \u201eav\u00edzovali\u201c , \u017ee to veru tohto roka s\u00a0dovolenkami na posledn\u00fa chv\u00ed\u013eu bude veru ve\u013emi biedne.\u00a0 Neverili sme im. Mysleli sme si, \u017ee n\u00e1s chc\u00fa iba nahovori\u0165 na r\u00fdchlu k\u00fapu v\u00a0skor\u00fdch jarn\u00fdch mesiacoch. M\u00fdlili sme sa ale.Sed\u00edm pri po\u010d\u00edta\u010di. Dovolenkov\u00fd \u010das mi z\u00fafalo klope na dvere a\u00a0nervozita v\u00a0na\u0161ej rodine rastie.\t\tKam ideme ?\t\tE\u0161te st\u00e1le si ni\u010d nevybrala ?\t\tM\u00e1me sa u\u017e bali\u0165 ?\u00a0V\u00a0ponuke cestovn\u00fdch kancel\u00e1rii veru zostalo toho m\u00e1lo. M\u00f4j v\u00fdber je navy\u0161e obmedzen\u00fd :\t\tPresn\u00fdm term\u00ednom dovolenky\t\tPo\u017eiadavkami na bezpe\u010dnos\u0165 destin\u00e1cie\t\tPresn\u00fdm miestom odletu\u00a0Na str\u00e1nke Ministerstva zahrani\u010dn\u00fdch vec\u00ed n\u00e1s informuj\u00fa, \u017ee dovolenka v\u00a0Egypte, Tunisku- nie je pr\u00e1ve t\u00fdm najbezpe\u010dnej\u0161\u00edm miestom. Tieto dovolenkov\u00e9 ponuky teda automaticky vynech\u00e1vam zo svojho h\u013ead\u00e1\u010dika.\u010co mi teda ostalo ?\t\tBulharsko\t\tKr\u00e9ta\t\tRhodos\t\tTurecko\t\tTaliansko\u00a0V\u00fdber veru slab\u00fd. VF Bulharsko sme boli h\u00e1dam p\u00e4\u0165 kr\u00e1t- toto teda vylu\u010dujem tie\u017e. Kr\u00e9ta ma oh\u00farila akur\u00e1t tak cenami a\u00a0slabou ponukou hotelov s\u00a0AI\u00a0 slu\u017ebami. Rhodos vyzer\u00e1 e\u0161te n\u00e1dejne- s\u00fa aj hotely, aj letenky. Ke\u010f si ale chcem vybra\u0165 , tak zis\u0165ujem po telefon\u00e1te s\u00a0cestovnou kancel\u00e1riou, \u017ee veru maj\u00fa iba tri letenky a\u00a0my sme \u0161tyria. \u0160krt\u00e1m teda n\u00e1dejne vyzeraj\u00faci v\u00fdber a\u00a0h\u013ead\u00e1m \u010falej. Turecko si \u017eiada **** a\u00a0viac hviezdi\u010diek . V\u00a0ponuke ostali *** a ***+ a\u00a0k\u00a0tomu e\u0161te na Kleopatrinej pl\u00e1\u017ei, kde je e\u0161te aj \u00a0poplatok za\u00a0 slne\u010dn\u00edk. V\u00a0Side a\u00a0v\u00a0Lare je vypredan\u00e9.Taliansko pon\u00faka iba t\u00fd\u017edenn\u00e9 pobyty dole na Kal\u00e1brii- asi rodinu neuspokoj\u00edm v\u00fdberom. Ide sa autom do Chorv\u00e1tska- uvo\u013enil sa toti\u017e jeden\u00a0 apartm\u00e1n s\u00a0baz\u00e9nom.U\u017e teraz v\u00a0u\u0161iach po\u010dujeme krik nespokojn\u00fdch det\u00ed a\u00a0man\u017eela! Mali ma po\u010d\u00fava\u0165 na jar- vtedy sme si mohli vybra\u0165 dovolenku pod\u013ea svojich predst\u00e1v a\u00a0bez zbyto\u010dn\u00fdch nervov. V\u00a0duchu sa pripravujem na slovn\u00fa\u00a0 prestrelku u\u00a0n\u00e1s doma. Asi si k\u00fapim cestou\u00a0 z\u00a0pr\u00e1ce vatov\u00e9 tamp\u00f3ny do ucha !                                                                                                                                                                                                                                                                                                                                                                                        4.3\/5 - (6 votes)        "},{"@context":"https:\/\/schema.org\/","@type":"BreadcrumbList","itemListElement":[{"@type":"ListItem","position":1,"name":"Dovolenka na posledn\u00fa chv\u00ed\u013eu","item":"https:\/\/www.amnezia.sk\/dovolenka-na-poslednu-chvilu\/#breadcrumbitem"}]}]